{"id":1862,"date":"2020-10-01T00:15:20","date_gmt":"2020-09-30T22:15:20","guid":{"rendered":"https:\/\/sebastiangerth.com\/?p=1862"},"modified":"2020-10-01T00:16:10","modified_gmt":"2020-09-30T22:16:10","slug":"digitale-lehre-visuelle-kultivierung-ss-2020","status":"publish","type":"post","link":"https:\/\/sebastiangerth.com\/en\/2020\/10\/digitale-lehre-visuelle-kultivierung-ss-2020\/","title":{"rendered":"Digitale Lehre &#8220;Visuelle Kultivierung&#8221; (SS 2020)"},"content":{"rendered":"<span class=\"span-reading-time rt-reading-time\" style=\"display: block;\"><span class=\"rt-label rt-prefix\">Lesedauer: ca. <\/span> <span class=\"rt-time\"> &lt; 1<\/span> <span class=\"rt-label rt-postfix\">Minute<\/span><\/span><p><a href=\"https:\/\/www.springer.com\/de\/book\/9783658199920\" target=\"_blank\" rel=\"noopener noreferrer\"><img loading=\"lazy\" decoding=\"async\" class=\"alignleft wp-image-1425 size-medium\" src=\"https:\/\/sebastiangerth.com\/media\/VK_Cover-212x300.png\" alt=\"\" width=\"212\" height=\"300\" srcset=\"https:\/\/sebastiangerth.com\/media\/VK_Cover-212x300.png 212w, https:\/\/sebastiangerth.com\/media\/VK_Cover.png 516w\" sizes=\"auto, (max-width: 212px) 100vw, 212px\" \/><\/a><\/p>\n<p>Aufgrund der Corona-Pandemie hat die Universit\u00e4t Erfurt &#8211; so wie die meisten Universit\u00e4ten &#8211; beschlossen, die <strong>Lectures<\/strong> ausschlie\u00dflich <strong>digital<\/strong> anzubieten. Im Rahmen des <strong>Seminars &#8220;Visuelle Kultivierung&#8221;<\/strong> werden daher unterschiedliche Werkzeuge eingesetzt, um diesem Umstand Rechnung zu tragen. Das Headerbild dieses Artikels zeigt \u00fcbrigens ein Standbild des in dem Seminar original eingesetzten, eigens produzierten Videos &#8211; digital, im Home Office.<\/p>\n<figure id=\"attachment_1887\" aria-describedby=\"caption-attachment-1887\" style=\"width: 400px\" class=\"wp-caption alignright\"><img loading=\"lazy\" decoding=\"async\" class=\"wp-image-1887\" src=\"https:\/\/sebastiangerth.com\/media\/VK_RM-1024x577.png\" alt=\"\" width=\"400\" height=\"225\" srcset=\"https:\/\/sebastiangerth.com\/media\/VK_RM-1024x577.png 1024w, https:\/\/sebastiangerth.com\/media\/VK_RM-300x169.png 300w, https:\/\/sebastiangerth.com\/media\/VK_RM-768x433.png 768w, https:\/\/sebastiangerth.com\/media\/VK_RM-1536x865.png 1536w, https:\/\/sebastiangerth.com\/media\/VK_RM.png 1576w\" sizes=\"auto, (max-width: 400px) 100vw, 400px\" \/><figcaption id=\"caption-attachment-1887\" class=\"wp-caption-text\">Screenshot eines Erkl\u00e4rvideos<\/figcaption><\/figure>\n<p>Bei der Visuellen Kultivierung geht es um die Frage, wie die rezipientenseitige Wahrnehmung der Realit\u00e4t durch medial (digital) vermittelte Bilder gesteuert wird. Ziel des Seminars ist einerseits, einen theoretischen und methodischen \u00dcberblick \u00fcber das Thema zu erlangen und andererseits, forschungspraktisch und damit empirisch zu arbeiten. Die Studierenden halten Vortr\u00e4ge zu relevanten Aspekten, diskutieren wesentliche Kernfragen und verfassen Forschungsberichte in Gruppen zu Beispielen der aktuellen Berichterstattung in digitalen Medien. Grundlage ist das links- bzw. obenstehende <a href=\"https:\/\/www.springer.com\/de\/book\/9783658199920\" target=\"_blank\" rel=\"noopener noreferrer\">Buch von Gerth (2018)<\/a>.<\/p>\n<p>Das Seminar ist gleicherma\u00dfen f\u00fcr die digitale Lehre und jene in Pr\u00e4senz konzeptioniert &#8211; letztlich ist daher unerheblich, wie die Inhalte vermittelt werden. Als Organisationstool wird auf <a href=\"https:\/\/moodle.de\/\" target=\"_blank\" rel=\"noopener noreferrer\">Moodle<\/a> gesetzt, die Seminare selbst werden mit <a href=\"https:\/\/bigbluebutton.org\/\" target=\"_blank\" rel=\"noopener noreferrer\">BigBlueButton<\/a> gehalten; Videos wurden mit <a href=\"https:\/\/obsproject.com\/de\" target=\"_blank\" rel=\"noopener noreferrer\">OBS Studio<\/a> produziert.<\/p>\n<p>Die Studierenden haben das digitale Seminar hervorragend gemeistert &#8211; die Zusammenarbeit hat wirklich Spa\u00df gemacht und ich freue mich schon auf weitere interessante Lehrveranstaltungen. In Pr\u00e4senz oder digital, ganz egal. \ud83d\ude42<\/p>","protected":false},"excerpt":{"rendered":"<p><span class=\"span-reading-time rt-reading-time\" style=\"display: block;\"><span class=\"rt-label rt-prefix\">Lesedauer: ca. <\/span> <span class=\"rt-time\"> &lt; 1<\/span> <span class=\"rt-label rt-postfix\">Minute<\/span><\/span>Aufgrund der Corona-Pandemie hat die Universit\u00e4t Erfurt &#8211; so wie die meisten Universit\u00e4ten &#8211; beschlossen, die Lehre ausschlie\u00dflich digital anzubieten. Im Rahmen des Seminars &#8220;Visuelle Kultivierung&#8221; werden daher unterschiedliche Werkzeuge eingesetzt, um diesem Umstand Rechnung zu tragen. Das Headerbild dieses Artikels zeigt \u00fcbrigens ein Standbild des in dem Seminar original eingesetzten, eigens produzierten Videos &#8211; [&hellip;]<\/p>\n","protected":false},"author":1,"featured_media":1893,"comment_status":"open","ping_status":"open","sticky":false,"template":"","format":"standard","meta":{"ngg_post_thumbnail":0,"footnotes":""},"categories":[33],"tags":[],"class_list":["post-1862","post","type-post","status-publish","format-standard","has-post-thumbnail","hentry","category-lehre"],"yoast_head":"\n<title>Digitale Lehre &quot;Visuelle Kultivierung&quot; (SS 2020) - Website<\/title>\n<meta name=\"robots\" content=\"index, follow, max-snippet:-1, max-image-preview:large, max-video-preview:-1\" \/>\n<link rel=\"canonical\" href=\"https:\/\/sebastiangerth.com\/en\/2020\/10\/digitale-lehre-visuelle-kultivierung-ss-2020\/\" \/>\n<meta property=\"og:locale\" content=\"en_US\" \/>\n<meta property=\"og:type\" content=\"article\" \/>\n<meta property=\"og:title\" content=\"Digitale Lehre &quot;Visuelle Kultivierung&quot; (SS 2020) - Website\" \/>\n<meta property=\"og:description\" content=\"Lesedauer: ca.  &lt; 1 MinuteAufgrund der Corona-Pandemie hat die Universit\u00e4t Erfurt &#8211; so wie die meisten Universit\u00e4ten &#8211; beschlossen, die Lehre ausschlie\u00dflich digital anzubieten. Im Rahmen des Seminars &#8220;Visuelle Kultivierung&#8221; werden daher unterschiedliche Werkzeuge eingesetzt, um diesem Umstand Rechnung zu tragen. Das Headerbild dieses Artikels zeigt \u00fcbrigens ein Standbild des in dem Seminar original eingesetzten, eigens produzierten Videos &#8211; [&hellip;]\" \/>\n<meta property=\"og:url\" content=\"https:\/\/sebastiangerth.com\/en\/2020\/10\/digitale-lehre-visuelle-kultivierung-ss-2020\/\" \/>\n<meta property=\"og:site_name\" content=\"Website\" \/>\n<meta property=\"article:author\" content=\"https:\/\/www.facebook.com\/profile.php?id=100000885152153&amp;ref=bookmarks\" \/>\n<meta property=\"article:published_time\" content=\"2020-09-30T22:15:20+00:00\" \/>\n<meta property=\"article:modified_time\" content=\"2020-09-30T22:16:10+00:00\" \/>\n<meta property=\"og:image\" content=\"https:\/\/sebastiangerth.com\/media\/VK_2.png\" \/>\n\t<meta property=\"og:image:width\" content=\"1576\" \/>\n\t<meta property=\"og:image:height\" content=\"882\" \/>\n\t<meta property=\"og:image:type\" content=\"image\/png\" \/>\n<meta name=\"author\" content=\"Sebastian\" \/>\n<meta name=\"twitter:card\" content=\"summary_large_image\" \/>\n<meta name=\"twitter:creator\" content=\"@sebgerth\" \/>\n<meta name=\"twitter:label1\" content=\"Written by\" \/>\n\t<meta name=\"twitter:data1\" content=\"Sebastian\" \/>\n\t<meta name=\"twitter:label2\" content=\"Est. reading time\" \/>\n\t<meta name=\"twitter:data2\" content=\"1 minute\" \/>\n<script type=\"application\/ld+json\" class=\"yoast-schema-graph\">{\"@context\":\"https:\\\/\\\/schema.org\",\"@graph\":[{\"@type\":\"Article\",\"@id\":\"https:\\\/\\\/sebastiangerth.com\\\/en\\\/2020\\\/10\\\/digitale-lehre-visuelle-kultivierung-ss-2020\\\/#article\",\"isPartOf\":{\"@id\":\"https:\\\/\\\/sebastiangerth.com\\\/en\\\/2020\\\/10\\\/digitale-lehre-visuelle-kultivierung-ss-2020\\\/\"},\"author\":{\"name\":\"Sebastian\",\"@id\":\"https:\\\/\\\/sebastiangerth.com\\\/#\\\/schema\\\/person\\\/8324d688a038323982c906c4c213dd03\"},\"headline\":\"Digitale Lehre &#8220;Visuelle Kultivierung&#8221; (SS 2020)\",\"datePublished\":\"2020-09-30T22:15:20+00:00\",\"dateModified\":\"2020-09-30T22:16:10+00:00\",\"mainEntityOfPage\":{\"@id\":\"https:\\\/\\\/sebastiangerth.com\\\/en\\\/2020\\\/10\\\/digitale-lehre-visuelle-kultivierung-ss-2020\\\/\"},\"wordCount\":233,\"commentCount\":0,\"image\":{\"@id\":\"https:\\\/\\\/sebastiangerth.com\\\/en\\\/2020\\\/10\\\/digitale-lehre-visuelle-kultivierung-ss-2020\\\/#primaryimage\"},\"thumbnailUrl\":\"https:\\\/\\\/sebastiangerth.com\\\/wordpress\\\/wp-content\\\/uploads\\\/VK_2.png\",\"articleSection\":[\"Lehre\"],\"inLanguage\":\"en-US\",\"potentialAction\":[{\"@type\":\"CommentAction\",\"name\":\"Comment\",\"target\":[\"https:\\\/\\\/sebastiangerth.com\\\/en\\\/2020\\\/10\\\/digitale-lehre-visuelle-kultivierung-ss-2020\\\/#respond\"]}]},{\"@type\":\"WebPage\",\"@id\":\"https:\\\/\\\/sebastiangerth.com\\\/en\\\/2020\\\/10\\\/digitale-lehre-visuelle-kultivierung-ss-2020\\\/\",\"url\":\"https:\\\/\\\/sebastiangerth.com\\\/en\\\/2020\\\/10\\\/digitale-lehre-visuelle-kultivierung-ss-2020\\\/\",\"name\":\"Digitale Lehre \\\"Visuelle Kultivierung\\\" (SS 2020) - Website\",\"isPartOf\":{\"@id\":\"https:\\\/\\\/sebastiangerth.com\\\/#website\"},\"primaryImageOfPage\":{\"@id\":\"https:\\\/\\\/sebastiangerth.com\\\/en\\\/2020\\\/10\\\/digitale-lehre-visuelle-kultivierung-ss-2020\\\/#primaryimage\"},\"image\":{\"@id\":\"https:\\\/\\\/sebastiangerth.com\\\/en\\\/2020\\\/10\\\/digitale-lehre-visuelle-kultivierung-ss-2020\\\/#primaryimage\"},\"thumbnailUrl\":\"https:\\\/\\\/sebastiangerth.com\\\/wordpress\\\/wp-content\\\/uploads\\\/VK_2.png\",\"datePublished\":\"2020-09-30T22:15:20+00:00\",\"dateModified\":\"2020-09-30T22:16:10+00:00\",\"author\":{\"@id\":\"https:\\\/\\\/sebastiangerth.com\\\/#\\\/schema\\\/person\\\/8324d688a038323982c906c4c213dd03\"},\"breadcrumb\":{\"@id\":\"https:\\\/\\\/sebastiangerth.com\\\/en\\\/2020\\\/10\\\/digitale-lehre-visuelle-kultivierung-ss-2020\\\/#breadcrumb\"},\"inLanguage\":\"en-US\",\"potentialAction\":[{\"@type\":\"ReadAction\",\"target\":[\"https:\\\/\\\/sebastiangerth.com\\\/en\\\/2020\\\/10\\\/digitale-lehre-visuelle-kultivierung-ss-2020\\\/\"]}]},{\"@type\":\"ImageObject\",\"inLanguage\":\"en-US\",\"@id\":\"https:\\\/\\\/sebastiangerth.com\\\/en\\\/2020\\\/10\\\/digitale-lehre-visuelle-kultivierung-ss-2020\\\/#primaryimage\",\"url\":\"https:\\\/\\\/sebastiangerth.com\\\/wordpress\\\/wp-content\\\/uploads\\\/VK_2.png\",\"contentUrl\":\"https:\\\/\\\/sebastiangerth.com\\\/wordpress\\\/wp-content\\\/uploads\\\/VK_2.png\",\"width\":1576,\"height\":882},{\"@type\":\"BreadcrumbList\",\"@id\":\"https:\\\/\\\/sebastiangerth.com\\\/en\\\/2020\\\/10\\\/digitale-lehre-visuelle-kultivierung-ss-2020\\\/#breadcrumb\",\"itemListElement\":[{\"@type\":\"ListItem\",\"position\":1,\"name\":\"Startseite\",\"item\":\"https:\\\/\\\/sebastiangerth.com\\\/\"},{\"@type\":\"ListItem\",\"position\":2,\"name\":\"Digitale Lehre &#8220;Visuelle Kultivierung&#8221; (SS 2020)\"}]},{\"@type\":\"WebSite\",\"@id\":\"https:\\\/\\\/sebastiangerth.com\\\/#website\",\"url\":\"https:\\\/\\\/sebastiangerth.com\\\/\",\"name\":\"Website\",\"description\":\"\",\"potentialAction\":[{\"@type\":\"SearchAction\",\"target\":{\"@type\":\"EntryPoint\",\"urlTemplate\":\"https:\\\/\\\/sebastiangerth.com\\\/?s={search_term_string}\"},\"query-input\":{\"@type\":\"PropertyValueSpecification\",\"valueRequired\":true,\"valueName\":\"search_term_string\"}}],\"inLanguage\":\"en-US\"},{\"@type\":\"Person\",\"@id\":\"https:\\\/\\\/sebastiangerth.com\\\/#\\\/schema\\\/person\\\/8324d688a038323982c906c4c213dd03\",\"name\":\"Sebastian\",\"image\":{\"@type\":\"ImageObject\",\"inLanguage\":\"en-US\",\"@id\":\"https:\\\/\\\/secure.gravatar.com\\\/avatar\\\/cc5dfe9cb816808b4d4344a63f1922cb288e3990bbf005dcea60640cc0787e72?s=96&d=mm&r=g\",\"url\":\"https:\\\/\\\/secure.gravatar.com\\\/avatar\\\/cc5dfe9cb816808b4d4344a63f1922cb288e3990bbf005dcea60640cc0787e72?s=96&d=mm&r=g\",\"contentUrl\":\"https:\\\/\\\/secure.gravatar.com\\\/avatar\\\/cc5dfe9cb816808b4d4344a63f1922cb288e3990bbf005dcea60640cc0787e72?s=96&d=mm&r=g\",\"caption\":\"Sebastian\"},\"description\":\"https:\\\/\\\/sebastiangerth.com\\\/#cv\",\"sameAs\":[\"https:\\\/\\\/sebastiangerth.com\",\"https:\\\/\\\/www.facebook.com\\\/profile.php?id=100000885152153&ref=bookmarks\",\"https:\\\/\\\/x.com\\\/sebgerth\"],\"url\":\"https:\\\/\\\/sebastiangerth.com\\\/en\\\/author\\\/coronial\\\/\"}]}<\/script>\n","yoast_head_json":{"title":"Digitale Lehre \"Visuelle Kultivierung\" (SS 2020) - Website","robots":{"index":"index","follow":"follow","max-snippet":"max-snippet:-1","max-image-preview":"max-image-preview:large","max-video-preview":"max-video-preview:-1"},"canonical":"https:\/\/sebastiangerth.com\/en\/2020\/10\/digitale-lehre-visuelle-kultivierung-ss-2020\/","og_locale":"en_US","og_type":"article","og_title":"Digitale Lehre \"Visuelle Kultivierung\" (SS 2020) - Website","og_description":"Lesedauer: ca.  &lt; 1 MinuteAufgrund der Corona-Pandemie hat die Universit\u00e4t Erfurt &#8211; so wie die meisten Universit\u00e4ten &#8211; beschlossen, die Lehre ausschlie\u00dflich digital anzubieten. Im Rahmen des Seminars &#8220;Visuelle Kultivierung&#8221; werden daher unterschiedliche Werkzeuge eingesetzt, um diesem Umstand Rechnung zu tragen. Das Headerbild dieses Artikels zeigt \u00fcbrigens ein Standbild des in dem Seminar original eingesetzten, eigens produzierten Videos &#8211; [&hellip;]","og_url":"https:\/\/sebastiangerth.com\/en\/2020\/10\/digitale-lehre-visuelle-kultivierung-ss-2020\/","og_site_name":"Website","article_author":"https:\/\/www.facebook.com\/profile.php?id=100000885152153&ref=bookmarks","article_published_time":"2020-09-30T22:15:20+00:00","article_modified_time":"2020-09-30T22:16:10+00:00","og_image":[{"width":1576,"height":882,"url":"https:\/\/sebastiangerth.com\/media\/VK_2.png","type":"image\/png"}],"author":"Sebastian","twitter_card":"summary_large_image","twitter_creator":"@sebgerth","twitter_misc":{"Written by":"Sebastian","Est. reading time":"1 minute"},"schema":{"@context":"https:\/\/schema.org","@graph":[{"@type":"Article","@id":"https:\/\/sebastiangerth.com\/en\/2020\/10\/digitale-lehre-visuelle-kultivierung-ss-2020\/#article","isPartOf":{"@id":"https:\/\/sebastiangerth.com\/en\/2020\/10\/digitale-lehre-visuelle-kultivierung-ss-2020\/"},"author":{"name":"Sebastian","@id":"https:\/\/sebastiangerth.com\/#\/schema\/person\/8324d688a038323982c906c4c213dd03"},"headline":"Digitale Lehre &#8220;Visuelle Kultivierung&#8221; (SS 2020)","datePublished":"2020-09-30T22:15:20+00:00","dateModified":"2020-09-30T22:16:10+00:00","mainEntityOfPage":{"@id":"https:\/\/sebastiangerth.com\/en\/2020\/10\/digitale-lehre-visuelle-kultivierung-ss-2020\/"},"wordCount":233,"commentCount":0,"image":{"@id":"https:\/\/sebastiangerth.com\/en\/2020\/10\/digitale-lehre-visuelle-kultivierung-ss-2020\/#primaryimage"},"thumbnailUrl":"https:\/\/sebastiangerth.com\/media\/VK_2.png","articleSection":["Lehre"],"inLanguage":"en-US","potentialAction":[{"@type":"CommentAction","name":"Comment","target":["https:\/\/sebastiangerth.com\/en\/2020\/10\/digitale-lehre-visuelle-kultivierung-ss-2020\/#respond"]}]},{"@type":"WebPage","@id":"https:\/\/sebastiangerth.com\/en\/2020\/10\/digitale-lehre-visuelle-kultivierung-ss-2020\/","url":"https:\/\/sebastiangerth.com\/en\/2020\/10\/digitale-lehre-visuelle-kultivierung-ss-2020\/","name":"Digitale Lehre \"Visuelle Kultivierung\" (SS 2020) - Website","isPartOf":{"@id":"https:\/\/sebastiangerth.com\/#website"},"primaryImageOfPage":{"@id":"https:\/\/sebastiangerth.com\/en\/2020\/10\/digitale-lehre-visuelle-kultivierung-ss-2020\/#primaryimage"},"image":{"@id":"https:\/\/sebastiangerth.com\/en\/2020\/10\/digitale-lehre-visuelle-kultivierung-ss-2020\/#primaryimage"},"thumbnailUrl":"https:\/\/sebastiangerth.com\/media\/VK_2.png","datePublished":"2020-09-30T22:15:20+00:00","dateModified":"2020-09-30T22:16:10+00:00","author":{"@id":"https:\/\/sebastiangerth.com\/#\/schema\/person\/8324d688a038323982c906c4c213dd03"},"breadcrumb":{"@id":"https:\/\/sebastiangerth.com\/en\/2020\/10\/digitale-lehre-visuelle-kultivierung-ss-2020\/#breadcrumb"},"inLanguage":"en-US","potentialAction":[{"@type":"ReadAction","target":["https:\/\/sebastiangerth.com\/en\/2020\/10\/digitale-lehre-visuelle-kultivierung-ss-2020\/"]}]},{"@type":"ImageObject","inLanguage":"en-US","@id":"https:\/\/sebastiangerth.com\/en\/2020\/10\/digitale-lehre-visuelle-kultivierung-ss-2020\/#primaryimage","url":"https:\/\/sebastiangerth.com\/media\/VK_2.png","contentUrl":"https:\/\/sebastiangerth.com\/media\/VK_2.png","width":1576,"height":882},{"@type":"BreadcrumbList","@id":"https:\/\/sebastiangerth.com\/en\/2020\/10\/digitale-lehre-visuelle-kultivierung-ss-2020\/#breadcrumb","itemListElement":[{"@type":"ListItem","position":1,"name":"Startseite","item":"https:\/\/sebastiangerth.com\/"},{"@type":"ListItem","position":2,"name":"Digitale Lehre &#8220;Visuelle Kultivierung&#8221; (SS 2020)"}]},{"@type":"WebSite","@id":"https:\/\/sebastiangerth.com\/#website","url":"https:\/\/sebastiangerth.com\/","name":"Website","description":"","potentialAction":[{"@type":"SearchAction","target":{"@type":"EntryPoint","urlTemplate":"https:\/\/sebastiangerth.com\/?s={search_term_string}"},"query-input":{"@type":"PropertyValueSpecification","valueRequired":true,"valueName":"search_term_string"}}],"inLanguage":"en-US"},{"@type":"Person","@id":"https:\/\/sebastiangerth.com\/#\/schema\/person\/8324d688a038323982c906c4c213dd03","name":"Sebastian","image":{"@type":"ImageObject","inLanguage":"en-US","@id":"https:\/\/secure.gravatar.com\/avatar\/cc5dfe9cb816808b4d4344a63f1922cb288e3990bbf005dcea60640cc0787e72?s=96&d=mm&r=g","url":"https:\/\/secure.gravatar.com\/avatar\/cc5dfe9cb816808b4d4344a63f1922cb288e3990bbf005dcea60640cc0787e72?s=96&d=mm&r=g","contentUrl":"https:\/\/secure.gravatar.com\/avatar\/cc5dfe9cb816808b4d4344a63f1922cb288e3990bbf005dcea60640cc0787e72?s=96&d=mm&r=g","caption":"Sebastian"},"description":"https:\/\/sebastiangerth.com\/#cv","sameAs":["https:\/\/sebastiangerth.com","https:\/\/www.facebook.com\/profile.php?id=100000885152153&ref=bookmarks","https:\/\/x.com\/sebgerth"],"url":"https:\/\/sebastiangerth.com\/en\/author\/coronial\/"}]}},"brizy_media":[],"_links":{"self":[{"href":"https:\/\/sebastiangerth.com\/en\/wp-json\/wp\/v2\/posts\/1862","targetHints":{"allow":["GET"]}}],"collection":[{"href":"https:\/\/sebastiangerth.com\/en\/wp-json\/wp\/v2\/posts"}],"about":[{"href":"https:\/\/sebastiangerth.com\/en\/wp-json\/wp\/v2\/types\/post"}],"author":[{"embeddable":true,"href":"https:\/\/sebastiangerth.com\/en\/wp-json\/wp\/v2\/users\/1"}],"replies":[{"embeddable":true,"href":"https:\/\/sebastiangerth.com\/en\/wp-json\/wp\/v2\/comments?post=1862"}],"version-history":[{"count":0,"href":"https:\/\/sebastiangerth.com\/en\/wp-json\/wp\/v2\/posts\/1862\/revisions"}],"wp:featuredmedia":[{"embeddable":true,"href":"https:\/\/sebastiangerth.com\/en\/wp-json\/wp\/v2\/media\/1893"}],"wp:attachment":[{"href":"https:\/\/sebastiangerth.com\/en\/wp-json\/wp\/v2\/media?parent=1862"}],"wp:term":[{"taxonomy":"category","embeddable":true,"href":"https:\/\/sebastiangerth.com\/en\/wp-json\/wp\/v2\/categories?post=1862"},{"taxonomy":"post_tag","embeddable":true,"href":"https:\/\/sebastiangerth.com\/en\/wp-json\/wp\/v2\/tags?post=1862"}],"curies":[{"name":"wp","href":"https:\/\/api.w.org\/{rel}","templated":true}]}}